{"id":9471,"date":"2022-07-04T07:13:04","date_gmt":"2022-07-04T06:13:04","guid":{"rendered":"https:\/\/www.krajskakniznicazilina.sk\/?p=9471"},"modified":"2022-06-29T09:44:46","modified_gmt":"2022-06-29T08:44:46","slug":"klub-rucnych-prac-pokracuje-aj-cez-leto","status":"publish","type":"post","link":"https:\/\/www.krajskakniznicazilina.sk\/index.php\/2022\/07\/04\/klub-rucnych-prac-pokracuje-aj-cez-leto\/","title":{"rendered":"Klub ru\u010dn\u00fdch pr\u00e1c pokra\u010duje aj cez leto"},"content":{"rendered":"<p style=\"text-align: justify;\"><a href=\"https:\/\/www.krajskakniznicazilina.sk\/clanky\/2022\/07\/ru%C4%8Dn%C3%A9%20pr%C3%A1ce%2015-30.jpg\"><img decoding=\"async\" class=\"size-full alignleft\" src=\"https:\/\/www.krajskakniznicazilina.sk\/clanky\/2022\/07\/ru%C4%8Dn%C3%A9%20pr%C3%A1ce%2015-30.jpg\" width=\"40%\" height=\"40%\" \/><\/a>Novozalo\u017een\u00fd klub pre v\u0161etk\u00fdch nad\u0161encov ru\u010dn\u00fdch pr\u00e1c sa bude stret\u00e1va\u0165 aj po\u010das letn\u00fdch pr\u00e1zdnin. Nev\u00e1hajte a pridajte sa k n\u00e1m, na stretnutie si doneste svoju rozpracovan\u00fa v\u00fd\u0161ivku, sveter alebo s nami h\u00e1\u010dkujte v pr\u00edjemnom prostred\u00ed a v spolo\u010dnosti \u010fal\u0161\u00edch zru\u010dn\u00fdch \u013eud\u00ed. <strong>Ka\u017ed\u00fd utorok po\u010das leta<\/strong> sa stretneme v Krajskej kni\u017enici v \u017diline o <strong>15:30<\/strong>.<\/p>\n<p style=\"text-align: justify;\">Klub ru\u010dn\u00fdch pr\u00e1c finan\u010dne podporilo mesto \u017dilina.<\/p>\n<p>&nbsp;<\/p>\n","protected":false},"excerpt":{"rendered":"<p>Novozalo\u017een\u00fd klub pre v\u0161etk\u00fdch nad\u0161encov ru\u010dn\u00fdch pr\u00e1c sa bude stret\u00e1va\u0165 aj po\u010das letn\u00fdch pr\u00e1zdnin. Nev\u00e1hajte a pridajte sa k n\u00e1m, na stretnutie si doneste svoju rozpracovan\u00fa v\u00fd\u0161ivku, sveter alebo s nami h\u00e1\u010dkujte v pr\u00edjemnom prostred\u00ed a v spolo\u010dnosti \u010fal\u0161\u00edch zru\u010dn\u00fdch \u013eud\u00ed. Ka\u017ed\u00fd utorok po\u010das leta sa stretneme v Krajskej kni\u017enici v \u017diline o 15:30. Klub &#8230; <a title=\"Klub ru\u010dn\u00fdch pr\u00e1c pokra\u010duje aj cez leto\" class=\"read-more\" href=\"https:\/\/www.krajskakniznicazilina.sk\/index.php\/2022\/07\/04\/klub-rucnych-prac-pokracuje-aj-cez-leto\/\" aria-label=\"Pre\u010d\u00edtajte si viac o Klub ru\u010dn\u00fdch pr\u00e1c pokra\u010duje aj cez leto\">\u010c\u00edta\u0165 viac<\/a><\/p>\n","protected":false},"author":1,"featured_media":0,"comment_status":"open","ping_status":"open","sticky":false,"template":"","format":"image","meta":{"footnotes":""},"categories":[23,38,12],"tags":[],"class_list":["post-9471","post","type-post","status-publish","format-image","hentry","category-klub","category-klub-rucnych-prac","category-podujatie","post_format-post-format-image"],"_links":{"self":[{"href":"https:\/\/www.krajskakniznicazilina.sk\/index.php\/wp-json\/wp\/v2\/posts\/9471","targetHints":{"allow":["GET"]}}],"collection":[{"href":"https:\/\/www.krajskakniznicazilina.sk\/index.php\/wp-json\/wp\/v2\/posts"}],"about":[{"href":"https:\/\/www.krajskakniznicazilina.sk\/index.php\/wp-json\/wp\/v2\/types\/post"}],"author":[{"embeddable":true,"href":"https:\/\/www.krajskakniznicazilina.sk\/index.php\/wp-json\/wp\/v2\/users\/1"}],"replies":[{"embeddable":true,"href":"https:\/\/www.krajskakniznicazilina.sk\/index.php\/wp-json\/wp\/v2\/comments?post=9471"}],"version-history":[{"count":5,"href":"https:\/\/www.krajskakniznicazilina.sk\/index.php\/wp-json\/wp\/v2\/posts\/9471\/revisions"}],"predecessor-version":[{"id":9491,"href":"https:\/\/www.krajskakniznicazilina.sk\/index.php\/wp-json\/wp\/v2\/posts\/9471\/revisions\/9491"}],"wp:attachment":[{"href":"https:\/\/www.krajskakniznicazilina.sk\/index.php\/wp-json\/wp\/v2\/media?parent=9471"}],"wp:term":[{"taxonomy":"category","embeddable":true,"href":"https:\/\/www.krajskakniznicazilina.sk\/index.php\/wp-json\/wp\/v2\/categories?post=9471"},{"taxonomy":"post_tag","embeddable":true,"href":"https:\/\/www.krajskakniznicazilina.sk\/index.php\/wp-json\/wp\/v2\/tags?post=9471"}],"curies":[{"name":"wp","href":"https:\/\/api.w.org\/{rel}","templated":true}]}}